{"id":20012,"date":"2023-07-27T01:24:56","date_gmt":"2023-07-27T08:24:56","guid":{"rendered":"https:\/\/essential.construction\/news\/a-new-chapter-for-pomerleau\/"},"modified":"2023-07-27T01:24:58","modified_gmt":"2023-07-27T08:24:58","slug":"a-new-chapter-for-pomerleau","status":"publish","type":"post","link":"https:\/\/essential.construction\/news\/a-new-chapter-for-pomerleau\/","title":{"rendered":"A new chapter for Pomerleau"},"content":{"rendered":"<p> <a href=\"https:\/\/essential.construction\/files\/membership-default-internal\/\" class=\"memberhide\"><img decoding=\"async\" src=\"https:\/\/essential.construction\/news\/wp-content\/uploads\/sites\/15\/2023\/01\/20220718_175041000_iOS.jpg\" alt=\"-\"><\/a><br\/><br \/>\n<\/p>\n<div>\n<div id=\"attachment_1003979943\" style=\"width: 310px\" class=\"wp-caption alignright\"><a rel=\"magnific nofollow noopener\" href=\"https:\/\/www.on-sitemag.com\/wp-content\/uploads\/2023\/07\/Philippe-Pierre-and-Francis.png\" target=\"_blank\"><\/a><\/p>\n<p id=\"caption-attachment-1003979943\" class=\"wp-caption-text\">From left: Philippe Adam, Francis Pomerleau and Pierre Pomerleau. (Photo courtesy of Pomerleau)<\/p>\n<\/div>\n<p>Poised to pursue its growth in Canada, Pomerleau is writing a new chapter in its history. Together with its Board of Directors, Pierre and Francis Pomerleau have announced the appointment of Philippe Adam as the company\u2019s Chief Executive Officer. He will take up his new duties in August.<\/p>\n<p>The appointment launches a transition process during which Pierre and Francis will gradually withdraw from their operational roles in the company. The pair will remain the company\u2019s principal shareholders and will continue to play an active role on the board. Pierre will serve as executive chairman and Francis as executive vice-chairman.<\/p>\n<p>Adam joined Pomerleau in 2021 as executive vice-president and chief financial officer. As part of his duties, he is also president of Pomerleau Capital, the company\u2019s private investment fund specializing in infrastructure and renewable energies. In addition, he is in charge of various key functions, including corporate strategy, logistics and procurement, legal affairs, insurance, and risk management.<\/p>\n<p>Adam has played a transformative role in the company\u2019s performance and helped fast-track its transformation in support of coast-to-coast growth. He has also spearheaded two of the largest transactions in the company\u2019s history, including the acquisition of Vancouver-based ITC Construction Group and the Caisse de d\u00e9p\u00f4t et placement du Qu\u00e9bec\u2019s $150-million investment in Pomerleau, its third in five years.<\/p>\n<p>\u201cThe role and nature of our business has evolved. Today, Pomerleau is much more than a construction firm,\u201d said Pierre. \u201cOur ability to structure alternative models of delivery and financing allows us to tackle a wide range of increasingly complex projects with a sustainable development perspective. In light of the experience and leadership provided by Philippe since his arrival, he is the ideal person to oversee the company\u2019s next growth and transformation phase.\u201d<\/p>\n<p>Francis added, \u201cPhilippe will be able to count on the expertise and support of our committed and seasoned leadership team. He will also be able to rely on the talent of our more than 4,000 employees and workers, all of whom are building the company each day.\u201d<\/p>\n<p>\u201cI am honoured and privileged that Pierre and Francis have entrusted me with leading the company they have developed so remarkably, with authenticity and integrity,\u201d said Adam. \u201cI would also like to thank the Board members for their support. In taking up this new role, I am committed to preserving and promoting the Pomerleau family\u2019s unique legacy and its entrepreneurial values.\u201d<\/p>\n<p>Pomerleau is one of Canada\u2019s largest construction companies, with over $4.3 billion in 2022 revenues.<\/p>\n<p>\u00a0<\/p>\n<p><a rel=\"nofollow noopener\" href=\"http:\/\/www.pomerleau.ca\/\" target=\"_blank\">www.pomerleau.ca<\/a><\/p>\n<\/p><\/div>\n<p><script>(function(d, s, id) {\n\t  var js, fjs = d.getElementsByTagName(s)[0];\n\t  if (d.getElementById(id)) return;\n\t  js = d.createElement(s); js.id = id;\n\t  js.src = \"\/\/connect.facebook.net\/en_US\/sdk.js#xfbml=1&appId=761779333850340&version=v2.0\";\n\t  fjs.parentNode.insertBefore(js, fjs);\n\t}(document, 'script', 'facebook-jssdk'));<\/script><br \/>\n<br \/><script async src=\"https:\/\/pagead2.googlesyndication.com\/pagead\/js\/adsbygoogle.js?client=ca-pub-5143531171910809\"\r\n     crossorigin=\"anonymous\"><\/script>\r\n<!-- News - Bottom -->\r\n<ins class=\"adsbygoogle\"\r\n     style=\"display:block\"\r\n     data-ad-client=\"ca-pub-5143531171910809\"\r\n     data-ad-slot=\"8320848692\"\r\n     data-ad-format=\"auto\"\r\n     data-full-width-responsive=\"true\"><\/ins>\r\n<script>\r\n     (adsbygoogle = window.adsbygoogle || []).push({});\r\n<\/script><br \/>\n<br \/><a href=\"https:\/\/www.on-sitemag.com\/construction\/a-new-chapter-for-pomerleau\/1003979942\/?utm_source=rss&#038;utm_medium=rss&#038;utm_campaign=a-new-chapter-for-pomerleau\" rel=\"nofollow noopener\" target=\"_blank\">This article was originally posted at Source link <\/a><\/p>\n","protected":false},"excerpt":{"rendered":"<p>From left: Philippe Adam, Francis Pomerleau and Pierre Pomerleau. (Photo courtesy of Pomerleau) Poised to pursue its growth in Canada, &#8230; <a title=\"A new chapter for Pomerleau\" class=\"read-more\" href=\"https:\/\/essential.construction\/news\/a-new-chapter-for-pomerleau\/\" aria-label=\"Read more about A new chapter for Pomerleau\">Read more<\/a><\/p>\n","protected":false},"author":1,"featured_media":20013,"comment_status":"open","ping_status":"closed","sticky":false,"template":"","format":"standard","meta":{"footnotes":""},"categories":[1085],"tags":[],"class_list":["post-20012","post","type-post","status-publish","format-standard","has-post-thumbnail","hentry","category-onsite-magazine","generate-columns","tablet-grid-50","mobile-grid-100","grid-parent","grid-33"],"_links":{"self":[{"href":"https:\/\/essential.construction\/news\/wp-json\/wp\/v2\/posts\/20012","targetHints":{"allow":["GET"]}}],"collection":[{"href":"https:\/\/essential.construction\/news\/wp-json\/wp\/v2\/posts"}],"about":[{"href":"https:\/\/essential.construction\/news\/wp-json\/wp\/v2\/types\/post"}],"author":[{"embeddable":true,"href":"https:\/\/essential.construction\/news\/wp-json\/wp\/v2\/users\/1"}],"replies":[{"embeddable":true,"href":"https:\/\/essential.construction\/news\/wp-json\/wp\/v2\/comments?post=20012"}],"version-history":[{"count":0,"href":"https:\/\/essential.construction\/news\/wp-json\/wp\/v2\/posts\/20012\/revisions"}],"wp:featuredmedia":[{"embeddable":true,"href":"https:\/\/essential.construction\/news\/wp-json\/wp\/v2\/media\/20013"}],"wp:attachment":[{"href":"https:\/\/essential.construction\/news\/wp-json\/wp\/v2\/media?parent=20012"}],"wp:term":[{"taxonomy":"category","embeddable":true,"href":"https:\/\/essential.construction\/news\/wp-json\/wp\/v2\/categories?post=20012"},{"taxonomy":"post_tag","embeddable":true,"href":"https:\/\/essential.construction\/news\/wp-json\/wp\/v2\/tags?post=20012"}],"curies":[{"name":"wp","href":"https:\/\/api.w.org\/{rel}","templated":true}]}}